{"id":27,"date":"2025-06-11T13:58:58","date_gmt":"2025-06-11T11:58:58","guid":{"rendered":"https:\/\/www.musikschule-flensburg.de\/dk\/?p=27"},"modified":"2025-06-11T13:58:58","modified_gmt":"2025-06-11T11:58:58","slug":"dansk-tysk-strygerdag-i-flensborg","status":"publish","type":"post","link":"https:\/\/www.musikschule-flensburg.de\/dk\/2025\/06\/11\/dansk-tysk-strygerdag-i-flensborg\/","title":{"rendered":"Dansk-tysk strygerdag i Flensborg"},"content":{"rendered":"<p class=\"western\" align=\"left\"><span style=\"font-size: large;\"><b>Dansk-tysk strygerdag i Flensborg<\/b><\/span><span style=\"font-size: medium;\"><b><\/p>\n<p>Musikalske m\u00f8der p\u00e5 tv\u00e6rs af gr\u00e6nser<\/b><\/span><span style=\"font-size: medium;\"><\/p>\n<p><a href=\"https:\/\/www.musikschule-flensburg.de\/dk\/wp-content\/uploads\/sites\/2\/2025\/06\/D-DK-DDM-Streichorchester-2023-in-St-Marienk-FL.jpg\" data-rel=\"lightbox-image-0\" data-rl_title=\"\" data-rl_caption=\"\" title=\"\"><img loading=\"lazy\" decoding=\"async\" class=\"size-medium wp-image-29 alignleft\" src=\"https:\/\/www.musikschule-flensburg.de\/dk\/wp-content\/uploads\/sites\/2\/2025\/06\/D-DK-DDM-Streichorchester-2023-in-St-Marienk-FL-300x200.jpg\" alt=\"\" width=\"300\" height=\"200\" srcset=\"https:\/\/www.musikschule-flensburg.de\/dk\/wp-content\/uploads\/sites\/2\/2025\/06\/D-DK-DDM-Streichorchester-2023-in-St-Marienk-FL-300x200.jpg 300w, https:\/\/www.musikschule-flensburg.de\/dk\/wp-content\/uploads\/sites\/2\/2025\/06\/D-DK-DDM-Streichorchester-2023-in-St-Marienk-FL-1024x683.jpg 1024w, https:\/\/www.musikschule-flensburg.de\/dk\/wp-content\/uploads\/sites\/2\/2025\/06\/D-DK-DDM-Streichorchester-2023-in-St-Marienk-FL-768x512.jpg 768w, https:\/\/www.musikschule-flensburg.de\/dk\/wp-content\/uploads\/sites\/2\/2025\/06\/D-DK-DDM-Streichorchester-2023-in-St-Marienk-FL-1536x1024.jpg 1536w, https:\/\/www.musikschule-flensburg.de\/dk\/wp-content\/uploads\/sites\/2\/2025\/06\/D-DK-DDM-Streichorchester-2023-in-St-Marienk-FL.jpg 1890w\" sizes=\"auto, (max-width: 300px) 100vw, 300px\" \/><\/a>Den 15. juni 2025 bliver Duborg-Skolen i Flensborg et m\u00f8dested for unge musikere fra den dansk-tyske gr\u00e6nseregion: Omkring 160 b\u00f8rn og unge fra alle syv deltagende musikskoler p\u00e5 begge sider af gr\u00e6nsen vil deltage i den <\/span><span style=\"font-size: medium;\"><b>dansk-tyske strygerdag,<\/b><\/span><span style=\"font-size: medium;\"> et opf\u00f8lgningsprojekt p\u00e5 den succesfulde dansk-tyske musikskoledag.<\/span><\/p>\n<p class=\"western\" align=\"left\"><span style=\"font-size: medium;\">De unge strygere m\u00f8des kl. 11.00 for at \u00f8ve sammen. Programmet er blevet forberedt i ugevis sammen med deres l\u00e6rere p\u00e5 deres hjemlige musikskoler. M\u00e5let er at udveksle ideer med andre ensembler p\u00e5 tv\u00e6rs af landegr\u00e6nser, l\u00e6re af hinanden og lave musik sammen.<br \/>\nDagens h\u00f8jdepunkt er den <\/span><span style=\"font-size: medium;\"><b>afsluttende koncert kl. 15.00.<\/b><\/span><span style=\"font-size: medium;\"> Ensembler p\u00e5 forskellige niveauer, fra begyndere til avancerede,<\/span><span style=\"font-size: medium;\"> vil <\/span><span style=\"font-size: medium;\">pr\u00e6sentere et varieret og internationalt program.<br \/>\n<\/span><span style=\"font-size: medium;\">Strygerdagen byde<\/span><span style=\"font-size: medium;\">r ikke kun p\u00e5 en musikalsk oplevelse, men st\u00e5r ogs\u00e5 for levende naboskab, forst\u00e5else og venskab i gr\u00e6nseregionen.<a href=\"https:\/\/www.musikschule-flensburg.de\/dk\/wp-content\/uploads\/sites\/2\/2025\/06\/KULTURKLANG-Wortmarke-Web-scaled.jpg\" data-rel=\"lightbox-image-1\" data-rl_title=\"\" data-rl_caption=\"\" title=\"\"><img loading=\"lazy\" decoding=\"async\" class=\"size-medium wp-image-31 alignright\" src=\"https:\/\/www.musikschule-flensburg.de\/dk\/wp-content\/uploads\/sites\/2\/2025\/06\/KULTURKLANG-Wortmarke-Web-300x232.jpg\" alt=\"\" width=\"300\" height=\"232\" srcset=\"https:\/\/www.musikschule-flensburg.de\/dk\/wp-content\/uploads\/sites\/2\/2025\/06\/KULTURKLANG-Wortmarke-Web-300x232.jpg 300w, https:\/\/www.musikschule-flensburg.de\/dk\/wp-content\/uploads\/sites\/2\/2025\/06\/KULTURKLANG-Wortmarke-Web-1024x793.jpg 1024w, https:\/\/www.musikschule-flensburg.de\/dk\/wp-content\/uploads\/sites\/2\/2025\/06\/KULTURKLANG-Wortmarke-Web-768x595.jpg 768w, https:\/\/www.musikschule-flensburg.de\/dk\/wp-content\/uploads\/sites\/2\/2025\/06\/KULTURKLANG-Wortmarke-Web-1536x1190.jpg 1536w, https:\/\/www.musikschule-flensburg.de\/dk\/wp-content\/uploads\/sites\/2\/2025\/06\/KULTURKLANG-Wortmarke-Web-2048x1586.jpg 2048w\" sizes=\"auto, (max-width: 300px) 100vw, 300px\" \/><\/a><\/p>\n<p>Projektet, som de syv musik- og kulturskoler Aabenraa Musikskole, Haderslev Musikskole, Kreismusikschule Nordfriesland, Kreismusikschule Schleswig-Flensburg, Musikschule Flensburg, S\u00f8nderborg Musikskole og T\u00f8nder Kulturskole nu arbejder sammen under, hedder <\/span><span style=\"font-size: medium;\"><b>\u00bbKulturklang\u00ab \u2013 Dansk-Tysk Musik- og Kulturskolesamarbejde<\/b><\/span><span style=\"font-size: medium;\"> eller<\/span> <span style=\"font-size: medium;\"><b>\u00bbKulturklang\u00ab \u2013 Deutsch-d\u00e4nische Musik- und Kulturschulkooperation<\/b><\/span><span style=\"font-size: medium;\">. M\u00e5let af dette projekt er at forts\u00e6tte og videreudvikle etablerede samarbejder som den dansk-tyske<\/span><span style=\"font-size: medium;\"> musikskoledag. Derudover \u00f8nsker de syv samarbejdspartnere at facilitere mere udveksling og flere aktiviteter i begge lande i gr\u00e6nseregionen. Og den dansk-tyske strygerdag i Flensborg er bare en af dem!<\/p>\n<p><\/span><span style=\"font-size: medium;\"><b>Sted: <\/b><\/span><span style=\"font-size: medium;\"> Duborg-Skolen, Ritterstr. 27, 24939 Flensburg<br \/>\n<\/span><span style=\"font-size: medium;\"><b>Afslutningskoncert:<\/b><\/span><span style=\"font-size: medium;\"> kl. 15.00 &#8211; gratis adgang<\/span><\/p>\n","protected":false},"excerpt":{"rendered":"<p>Dansk-tysk strygerdag i Flensborg Musikalske m\u00f8der p\u00e5 tv\u00e6rs af gr\u00e6nser Den 15. juni 2025 bliver Duborg-Skolen i Flensborg et m\u00f8dested for unge musikere fra den dansk-tyske gr\u00e6nseregion: Omkring 160 b\u00f8rn og unge fra alle syv deltagende musikskoler p\u00e5 begge sider af gr\u00e6nsen vil deltage i den dansk-tyske strygerdag, et opf\u00f8lgningsprojekt p\u00e5 den succesfulde dansk-tyske musikskoledag. [&hellip;]<\/p>\n","protected":false},"author":3,"featured_media":0,"comment_status":"closed","ping_status":"open","sticky":false,"template":"","format":"standard","meta":{"footnotes":""},"categories":[1],"tags":[],"class_list":["post-27","post","type-post","status-publish","format-standard","hentry","category-allgemein"],"_links":{"self":[{"href":"https:\/\/www.musikschule-flensburg.de\/dk\/wp-json\/wp\/v2\/posts\/27","targetHints":{"allow":["GET"]}}],"collection":[{"href":"https:\/\/www.musikschule-flensburg.de\/dk\/wp-json\/wp\/v2\/posts"}],"about":[{"href":"https:\/\/www.musikschule-flensburg.de\/dk\/wp-json\/wp\/v2\/types\/post"}],"author":[{"embeddable":true,"href":"https:\/\/www.musikschule-flensburg.de\/dk\/wp-json\/wp\/v2\/users\/3"}],"replies":[{"embeddable":true,"href":"https:\/\/www.musikschule-flensburg.de\/dk\/wp-json\/wp\/v2\/comments?post=27"}],"version-history":[{"count":2,"href":"https:\/\/www.musikschule-flensburg.de\/dk\/wp-json\/wp\/v2\/posts\/27\/revisions"}],"predecessor-version":[{"id":33,"href":"https:\/\/www.musikschule-flensburg.de\/dk\/wp-json\/wp\/v2\/posts\/27\/revisions\/33"}],"wp:attachment":[{"href":"https:\/\/www.musikschule-flensburg.de\/dk\/wp-json\/wp\/v2\/media?parent=27"}],"wp:term":[{"taxonomy":"category","embeddable":true,"href":"https:\/\/www.musikschule-flensburg.de\/dk\/wp-json\/wp\/v2\/categories?post=27"},{"taxonomy":"post_tag","embeddable":true,"href":"https:\/\/www.musikschule-flensburg.de\/dk\/wp-json\/wp\/v2\/tags?post=27"}],"curies":[{"name":"wp","href":"https:\/\/api.w.org\/{rel}","templated":true}]}}